{"id":1953,"date":"2026-01-09T09:09:52","date_gmt":"2026-01-09T08:09:52","guid":{"rendered":"https:\/\/mc-jesenice.si\/?p=1953"},"modified":"2026-01-09T09:09:52","modified_gmt":"2026-01-09T08:09:52","slug":"7-mladinski-fotografski-natecaj-portret-2026","status":"publish","type":"post","link":"https:\/\/mc-jesenice.si\/?p=1953","title":{"rendered":"7. mladinski fotografski nate\u010daj PORTRET 2026"},"content":{"rendered":"\n<p>Razpisujemo <strong>7. mladinski fotografski nate\u010daj PORTRET 2026<\/strong>, ki poteka v soorganizaciji <strong>Mladinskega centra Jesenice<\/strong>, <strong>Javnega sklada RS za kulturne dejavnosti Obmo\u010dna izpostava Jesenice<\/strong> in <strong>Fotografskega dru\u0161tva Jesenice<\/strong> ter pod pokroviteljstvom <strong>Fotografske zveze Slovenije<\/strong>. Nate\u010daj je namenjen izklju\u010dno mladim, starim najve\u010d 29 let, v treh starostnih kategorijah &#8211; \u00a0od 10 do 15 let, od 16 do 20 let ali od 21 do 29 let.<\/p>\n\n\n\n<p>Tema nate\u010daja je <strong>PORTRET<\/strong>, ki je umetni\u0161ka upodobitev osebe ali ve\u010d oseb navadno s poudarkom njihove individualnosti. \u017dirija bo ocenjevala tako tehni\u010dno izvedbo, kot tudi kreativno izraznost in izvirnost posameznih portretov.<\/p>\n\n\n\n<p>Povezavo do spletne prijavnice in ostale informacije najdete na&nbsp;<a href=\"http:\/\/www.fd-jesenice.si\/portret\/\" target=\"_blank\" rel=\"noreferrer noopener\"><strong>www.fd-jesenice.si\/portret\/<\/strong><\/a><strong><\/strong><\/p>\n\n\n\n<p>Rok za oddajo fotografij je <strong>12. februar 2026.<\/strong><\/p>\n\n\n\n<p>Sodelovanje je za vse <strong>BREZPLA\u010cNO<\/strong>. Najbolj\u0161e fotografije \u010dakajo bogate fotografske nagrade, podeljene pa bodo tudi medalje <strong>Fotografske zveze Slovenije<\/strong>. Odprtje razstave in podelitev nagrad je predvidena 17. aprila 2026. <\/p>\n\n\n\n<p><em>&#8220;Sodeluj in dodaj svoj ko\u0161\u010dek v kola\u017e mladinskega kulturnega ustvarjanja.&#8221;<\/em><\/p>\n\n\n\n<p><\/p>\n","protected":false},"excerpt":{"rendered":"<p>Razpisujemo 7. mladinski fotografski nate\u010daj PORTRET 2026, ki poteka v soorganizaciji Mladinskega centra Jesenice, Javnega sklada RS za kulturne dejavnosti [&hellip;]<\/p>\n","protected":false},"author":2,"featured_media":1954,"comment_status":"closed","ping_status":"open","sticky":false,"template":"","format":"standard","meta":{"_uag_custom_page_level_css":"","site-sidebar-layout":"default","site-content-layout":"","ast-site-content-layout":"default","site-content-style":"default","site-sidebar-style":"default","ast-global-header-display":"","ast-banner-title-visibility":"","ast-main-header-display":"","ast-hfb-above-header-display":"","ast-hfb-below-header-display":"","ast-hfb-mobile-header-display":"","site-post-title":"","ast-breadcrumbs-content":"","ast-featured-img":"","footer-sml-layout":"","ast-disable-related-posts":"","theme-transparent-header-meta":"","adv-header-id-meta":"","stick-header-meta":"","header-above-stick-meta":"","header-main-stick-meta":"","header-below-stick-meta":"","astra-migrate-meta-layouts":"set","ast-page-background-enabled":"default","ast-page-background-meta":{"desktop":{"background-color":"","background-image":"","background-repeat":"repeat","background-position":"center center","background-size":"auto","background-attachment":"scroll","background-type":"","background-media":"","overlay-type":"","overlay-color":"","overlay-opacity":"","overlay-gradient":""},"tablet":{"background-color":"","background-image":"","background-repeat":"repeat","background-position":"center center","background-size":"auto","background-attachment":"scroll","background-type":"","background-media":"","overlay-type":"","overlay-color":"","overlay-opacity":"","overlay-gradient":""},"mobile":{"background-color":"","background-image":"","background-repeat":"repeat","background-position":"center center","background-size":"auto","background-attachment":"scroll","background-type":"","background-media":"","overlay-type":"","overlay-color":"","overlay-opacity":"","overlay-gradient":""}},"ast-content-background-meta":{"desktop":{"background-color":"var(--ast-global-color-5)","background-image":"","background-repeat":"repeat","background-position":"center center","background-size":"auto","background-attachment":"scroll","background-type":"","background-media":"","overlay-type":"","overlay-color":"","overlay-opacity":"","overlay-gradient":""},"tablet":{"background-color":"var(--ast-global-color-5)","background-image":"","background-repeat":"repeat","background-position":"center center","background-size":"auto","background-attachment":"scroll","background-type":"","background-media":"","overlay-type":"","overlay-color":"","overlay-opacity":"","overlay-gradient":""},"mobile":{"background-color":"var(--ast-global-color-5)","background-image":"","background-repeat":"repeat","background-position":"center center","background-size":"auto","background-attachment":"scroll","background-type":"","background-media":"","overlay-type":"","overlay-color":"","overlay-opacity":"","overlay-gradient":""}},"footnotes":""},"categories":[6],"tags":[],"class_list":["post-1953","post","type-post","status-publish","format-standard","has-post-thumbnail","hentry","category-naj_dogodki"],"uagb_featured_image_src":{"full":["https:\/\/mc-jesenice.si\/wp-content\/uploads\/2026\/01\/portret26-objava_1.jpg",1080,1350,false],"thumbnail":["https:\/\/mc-jesenice.si\/wp-content\/uploads\/2026\/01\/portret26-objava_1-150x150.jpg",150,150,true],"medium":["https:\/\/mc-jesenice.si\/wp-content\/uploads\/2026\/01\/portret26-objava_1-240x300.jpg",240,300,true],"medium_large":["https:\/\/mc-jesenice.si\/wp-content\/uploads\/2026\/01\/portret26-objava_1-768x960.jpg",768,960,true],"large":["https:\/\/mc-jesenice.si\/wp-content\/uploads\/2026\/01\/portret26-objava_1-819x1024.jpg",819,1024,true],"1536x1536":["https:\/\/mc-jesenice.si\/wp-content\/uploads\/2026\/01\/portret26-objava_1.jpg",1080,1350,false],"2048x2048":["https:\/\/mc-jesenice.si\/wp-content\/uploads\/2026\/01\/portret26-objava_1.jpg",1080,1350,false],"ultp_layout_landscape_large":["https:\/\/mc-jesenice.si\/wp-content\/uploads\/2026\/01\/portret26-objava_1-1080x800.jpg",1080,800,true],"ultp_layout_landscape":["https:\/\/mc-jesenice.si\/wp-content\/uploads\/2026\/01\/portret26-objava_1-870x570.jpg",870,570,true],"ultp_layout_portrait":["https:\/\/mc-jesenice.si\/wp-content\/uploads\/2026\/01\/portret26-objava_1-600x900.jpg",600,900,true],"ultp_layout_square":["https:\/\/mc-jesenice.si\/wp-content\/uploads\/2026\/01\/portret26-objava_1-600x600.jpg",600,600,true]},"uagb_author_info":{"display_name":"mc_jesenice","author_link":"https:\/\/mc-jesenice.si\/?author=2"},"uagb_comment_info":0,"uagb_excerpt":"Razpisujemo 7. mladinski fotografski nate\u010daj PORTRET 2026, ki poteka v soorganizaciji Mladinskega centra Jesenice, Javnega sklada RS za kulturne dejavnosti [&hellip;]","_links":{"self":[{"href":"https:\/\/mc-jesenice.si\/index.php?rest_route=\/wp\/v2\/posts\/1953","targetHints":{"allow":["GET"]}}],"collection":[{"href":"https:\/\/mc-jesenice.si\/index.php?rest_route=\/wp\/v2\/posts"}],"about":[{"href":"https:\/\/mc-jesenice.si\/index.php?rest_route=\/wp\/v2\/types\/post"}],"author":[{"embeddable":true,"href":"https:\/\/mc-jesenice.si\/index.php?rest_route=\/wp\/v2\/users\/2"}],"replies":[{"embeddable":true,"href":"https:\/\/mc-jesenice.si\/index.php?rest_route=%2Fwp%2Fv2%2Fcomments&post=1953"}],"version-history":[{"count":1,"href":"https:\/\/mc-jesenice.si\/index.php?rest_route=\/wp\/v2\/posts\/1953\/revisions"}],"predecessor-version":[{"id":1955,"href":"https:\/\/mc-jesenice.si\/index.php?rest_route=\/wp\/v2\/posts\/1953\/revisions\/1955"}],"wp:featuredmedia":[{"embeddable":true,"href":"https:\/\/mc-jesenice.si\/index.php?rest_route=\/wp\/v2\/media\/1954"}],"wp:attachment":[{"href":"https:\/\/mc-jesenice.si\/index.php?rest_route=%2Fwp%2Fv2%2Fmedia&parent=1953"}],"wp:term":[{"taxonomy":"category","embeddable":true,"href":"https:\/\/mc-jesenice.si\/index.php?rest_route=%2Fwp%2Fv2%2Fcategories&post=1953"},{"taxonomy":"post_tag","embeddable":true,"href":"https:\/\/mc-jesenice.si\/index.php?rest_route=%2Fwp%2Fv2%2Ftags&post=1953"}],"curies":[{"name":"wp","href":"https:\/\/api.w.org\/{rel}","templated":true}]}}