{"id":1907,"date":"2025-09-30T09:09:42","date_gmt":"2025-09-30T08:09:42","guid":{"rendered":"https:\/\/mc-jesenice.si\/?p=1907"},"modified":"2025-09-30T09:09:42","modified_gmt":"2025-09-30T08:09:42","slug":"ta-prav-ziv-zav-2025-otroska-prireditev-ob-tednu-otroka","status":"publish","type":"post","link":"https:\/\/mc-jesenice.si\/?p=1907","title":{"rendered":"Ta prav&#8217; \u017eiv \u017eav 2025 &#8211; otro\u0161ka prireditev ob Tednu otroka"},"content":{"rendered":"\n<p>Mladinski center Jesenice in Gornjesavski muzej Jesenice vabita na otro\u0161ko prireditev ob Tednu otroka: <strong>Ta prav&#8217; \u017eiv \u017eav 2025<\/strong>, ki bo v \u010detrtek, 9. oktobra 2025, s pri\u010detkom ob 17. uri v dvorani Kolpern na Stari Savi.<\/p>\n\n\n\n<p>Vabljeni na ogled lutkovne predstave, ki jo je pripravila lutkovna skupina Ringo Raja pri DPD Svoboda France Mencinger Javornik-Koro\u0161ka Bela: <strong>Ma\u010dji cirkus<\/strong>, avtorjev: Ale\u0161a Rotarja in Leje Mesari\u010d.<\/p>\n\n\n\n<p>Nekaj besed o predstavi:<\/p>\n\n\n\n<p><em>V mestu se je ustavil cirkus. Ma\u010dji cirkus, v njem namre\u010d ne nastopajo sloni, levi in tigri, ampak ma\u010dek, ma\u010dka in celo mi\u0161! Oglejte si zgodbo o ma\u010dki, ki i\u0161\u010de hrano, najde pa dom. O ma\u010dki, ki vrhove streh in kro\u0161nje dreves zamenja za cirku\u0161ki trapez.<\/em><\/p>\n\n\n\n<p><em>Lutkovna predstava za male in velike otroke govori o prijateljstvu in sprejemanju ter o tem, da ni\u010d ni nemogo\u010de; ko odkrijemo svoj talent, so meja le \u0161e zvezde. Cirku\u0161ke zvezde! Vabljeni na edinstveno, neponovljivo predstavo v Ma\u010dji cirkus!<\/em><\/p>\n\n\n\n<p>Po ogledu predstave se nam pridru\u017eite \u0161e pri <strong>ustvarjalnih delavnicah<\/strong> in <strong>delavnicah oblikovanja balonov.<\/strong><\/p>\n\n\n\n<p>Vstop na prireditev je prost.<\/p>\n\n\n\n<p>Prireditev omogo\u010data: Ob\u010dina Jesenice in Urad RS za mladino.<\/p>\n","protected":false},"excerpt":{"rendered":"<p>Mladinski center Jesenice in Gornjesavski muzej Jesenice vabita na otro\u0161ko prireditev ob Tednu otroka: Ta prav&#8217; \u017eiv \u017eav 2025, ki [&hellip;]<\/p>\n","protected":false},"author":1,"featured_media":1908,"comment_status":"closed","ping_status":"open","sticky":false,"template":"","format":"standard","meta":{"_uag_custom_page_level_css":"","site-sidebar-layout":"default","site-content-layout":"","ast-site-content-layout":"default","site-content-style":"default","site-sidebar-style":"default","ast-global-header-display":"","ast-banner-title-visibility":"","ast-main-header-display":"","ast-hfb-above-header-display":"","ast-hfb-below-header-display":"","ast-hfb-mobile-header-display":"","site-post-title":"","ast-breadcrumbs-content":"","ast-featured-img":"","footer-sml-layout":"","ast-disable-related-posts":"","theme-transparent-header-meta":"","adv-header-id-meta":"","stick-header-meta":"","header-above-stick-meta":"","header-main-stick-meta":"","header-below-stick-meta":"","astra-migrate-meta-layouts":"set","ast-page-background-enabled":"default","ast-page-background-meta":{"desktop":{"background-color":"","background-image":"","background-repeat":"repeat","background-position":"center center","background-size":"auto","background-attachment":"scroll","background-type":"","background-media":"","overlay-type":"","overlay-color":"","overlay-opacity":"","overlay-gradient":""},"tablet":{"background-color":"","background-image":"","background-repeat":"repeat","background-position":"center center","background-size":"auto","background-attachment":"scroll","background-type":"","background-media":"","overlay-type":"","overlay-color":"","overlay-opacity":"","overlay-gradient":""},"mobile":{"background-color":"","background-image":"","background-repeat":"repeat","background-position":"center center","background-size":"auto","background-attachment":"scroll","background-type":"","background-media":"","overlay-type":"","overlay-color":"","overlay-opacity":"","overlay-gradient":""}},"ast-content-background-meta":{"desktop":{"background-color":"var(--ast-global-color-5)","background-image":"","background-repeat":"repeat","background-position":"center center","background-size":"auto","background-attachment":"scroll","background-type":"","background-media":"","overlay-type":"","overlay-color":"","overlay-opacity":"","overlay-gradient":""},"tablet":{"background-color":"var(--ast-global-color-5)","background-image":"","background-repeat":"repeat","background-position":"center center","background-size":"auto","background-attachment":"scroll","background-type":"","background-media":"","overlay-type":"","overlay-color":"","overlay-opacity":"","overlay-gradient":""},"mobile":{"background-color":"var(--ast-global-color-5)","background-image":"","background-repeat":"repeat","background-position":"center center","background-size":"auto","background-attachment":"scroll","background-type":"","background-media":"","overlay-type":"","overlay-color":"","overlay-opacity":"","overlay-gradient":""}},"footnotes":""},"categories":[6],"tags":[],"class_list":["post-1907","post","type-post","status-publish","format-standard","has-post-thumbnail","hentry","category-naj_dogodki"],"uagb_featured_image_src":{"full":["https:\/\/mc-jesenice.si\/wp-content\/uploads\/2025\/09\/LETAK-Ta-prav-ziv-zav-2025.png",1587,2245,false],"thumbnail":["https:\/\/mc-jesenice.si\/wp-content\/uploads\/2025\/09\/LETAK-Ta-prav-ziv-zav-2025-150x150.png",150,150,true],"medium":["https:\/\/mc-jesenice.si\/wp-content\/uploads\/2025\/09\/LETAK-Ta-prav-ziv-zav-2025-212x300.png",212,300,true],"medium_large":["https:\/\/mc-jesenice.si\/wp-content\/uploads\/2025\/09\/LETAK-Ta-prav-ziv-zav-2025-768x1086.png",768,1086,true],"large":["https:\/\/mc-jesenice.si\/wp-content\/uploads\/2025\/09\/LETAK-Ta-prav-ziv-zav-2025-724x1024.png",724,1024,true],"1536x1536":["https:\/\/mc-jesenice.si\/wp-content\/uploads\/2025\/09\/LETAK-Ta-prav-ziv-zav-2025-1086x1536.png",1086,1536,true],"2048x2048":["https:\/\/mc-jesenice.si\/wp-content\/uploads\/2025\/09\/LETAK-Ta-prav-ziv-zav-2025-1448x2048.png",1448,2048,true],"ultp_layout_landscape_large":["https:\/\/mc-jesenice.si\/wp-content\/uploads\/2025\/09\/LETAK-Ta-prav-ziv-zav-2025-1200x800.png",1200,800,true],"ultp_layout_landscape":["https:\/\/mc-jesenice.si\/wp-content\/uploads\/2025\/09\/LETAK-Ta-prav-ziv-zav-2025-870x570.png",870,570,true],"ultp_layout_portrait":["https:\/\/mc-jesenice.si\/wp-content\/uploads\/2025\/09\/LETAK-Ta-prav-ziv-zav-2025-600x900.png",600,900,true],"ultp_layout_square":["https:\/\/mc-jesenice.si\/wp-content\/uploads\/2025\/09\/LETAK-Ta-prav-ziv-zav-2025-600x600.png",600,600,true]},"uagb_author_info":{"display_name":"MCJ","author_link":"https:\/\/mc-jesenice.si\/?author=1"},"uagb_comment_info":0,"uagb_excerpt":"Mladinski center Jesenice in Gornjesavski muzej Jesenice vabita na otro\u0161ko prireditev ob Tednu otroka: Ta prav&#8217; \u017eiv \u017eav 2025, ki [&hellip;]","_links":{"self":[{"href":"https:\/\/mc-jesenice.si\/index.php?rest_route=\/wp\/v2\/posts\/1907","targetHints":{"allow":["GET"]}}],"collection":[{"href":"https:\/\/mc-jesenice.si\/index.php?rest_route=\/wp\/v2\/posts"}],"about":[{"href":"https:\/\/mc-jesenice.si\/index.php?rest_route=\/wp\/v2\/types\/post"}],"author":[{"embeddable":true,"href":"https:\/\/mc-jesenice.si\/index.php?rest_route=\/wp\/v2\/users\/1"}],"replies":[{"embeddable":true,"href":"https:\/\/mc-jesenice.si\/index.php?rest_route=%2Fwp%2Fv2%2Fcomments&post=1907"}],"version-history":[{"count":1,"href":"https:\/\/mc-jesenice.si\/index.php?rest_route=\/wp\/v2\/posts\/1907\/revisions"}],"predecessor-version":[{"id":1909,"href":"https:\/\/mc-jesenice.si\/index.php?rest_route=\/wp\/v2\/posts\/1907\/revisions\/1909"}],"wp:featuredmedia":[{"embeddable":true,"href":"https:\/\/mc-jesenice.si\/index.php?rest_route=\/wp\/v2\/media\/1908"}],"wp:attachment":[{"href":"https:\/\/mc-jesenice.si\/index.php?rest_route=%2Fwp%2Fv2%2Fmedia&parent=1907"}],"wp:term":[{"taxonomy":"category","embeddable":true,"href":"https:\/\/mc-jesenice.si\/index.php?rest_route=%2Fwp%2Fv2%2Fcategories&post=1907"},{"taxonomy":"post_tag","embeddable":true,"href":"https:\/\/mc-jesenice.si\/index.php?rest_route=%2Fwp%2Fv2%2Ftags&post=1907"}],"curies":[{"name":"wp","href":"https:\/\/api.w.org\/{rel}","templated":true}]}}