{"id":1855,"date":"2025-05-22T08:53:40","date_gmt":"2025-05-22T07:53:40","guid":{"rendered":"https:\/\/mc-jesenice.si\/?p=1855"},"modified":"2025-05-22T08:53:40","modified_gmt":"2025-05-22T07:53:40","slug":"kulturna-mavrica-jesenic-2025","status":"publish","type":"post","link":"https:\/\/mc-jesenice.si\/?p=1855","title":{"rendered":"Kulturna mavrica Jesenic 2025"},"content":{"rendered":"\n<p><strong>sobota, 31.maj 2025, ob 19:00, prizori\u0161\u010de Muzeja na prostem na Stari Savi.<\/strong><\/p>\n\n\n\n<p>Tradicionalna medkulturna in medgeneracijska prireditev \u00bbKulturna mavrica Jesenic\u00ab prikazuje bogato kulturno izro\u010dilo, ki ga v sebi nosijo prebivalci mesta Jesenic, preko pestrih nastopov sodelujo\u010dih dru\u0161tev, sprevoda po ulicah mesta in s predstavitvijo kulinarike in kulture na stojnicah. Vabljeni, da se nam pridru\u017eite <strong>v soboto, 31. maja 2025<\/strong>.<\/p>\n\n\n\n<p>Program bomo v primeru lepega vremena otvorili <strong>ob 17.30 uri s SPREVODOM FOLKLORNIH SKUPIN<\/strong>, ki bodo s postankom na Trgu Toneta \u010cufarja in kratkimi predstavitvami vabile k ogledu ve\u010dernih nastopov.<\/p>\n\n\n\n<p><strong>S pri\u010detkom ob 19. uri<\/strong> se bodo na odru predstavile skupine iz doma\u010dih dru\u0161tev:<\/p>\n\n\n\n<ul class=\"wp-block-list\">\n<li><strong>KUD Triglav Slovenski Javornik &#8211; Jesenice,<\/strong><\/li>\n\n\n\n<li><strong>K\u0160D Bo\u0161njakov BISER Jesenice,<\/strong><\/li>\n\n\n\n<li><strong>Makedonsko KD ILINDEN Jesenice,<\/strong><\/li>\n\n\n\n<li><strong>KP\u0160HD Vuk Karad\u017ei\u0107 Radovljica,<\/strong><\/li>\n\n\n\n<li><strong>K\u0160D Hru\u0161ica,<\/strong><\/li>\n\n\n\n<li><strong>Pihalni orkester Jesenice &#8211; Kranjska Gora.<\/strong><\/li>\n<\/ul>\n\n\n\n<p>Tokrat bodo program obogatile skupine gostujo\u010dih dru\u0161tev: <strong>Folklorno dru\u0161tvo Preddvor<\/strong> iz Slovenije , <strong>Centar za negovanje tradicionalne kulture ,,Abra\u0161evi\u0107\u2019\u2019 Valjevo<\/strong> iz Srbije in <strong>KUD \u017divinice <\/strong>iz Bosne in Hercegovine.<\/p>\n\n\n\n<p>Po kon\u010danem programu si boste na stojnicah lahko ogledali predstavitev kulture posameznih narodov in preizkusili tradicionalne jedi, ki vas bodo zagotovo navdu\u0161ile.<\/p>\n\n\n\n<p>Vstop na dogodek je prost in poteka v sklopu prireditev Jeseni\u0161ko poletje 2025.<\/p>\n\n\n\n<p>Vabljeni k ogledu utrinkov iz preteklih izvedb Kulturne mavrice Jesenic na Facebook profilu dogodka: <a href=\"https:\/\/www.facebook.com\/KulturnaMavrica\">Kulturna Mavrica<\/a><\/p>\n\n\n\n<p><em>Organizatorji: Zavod za \u0161port Jesenice &#8211; Mladinski center Jesenice in Zveza kulturnih dru\u0161tev Jesenice. Prireditev omogo\u010dajo: Ob\u010dina Jesenice in Urad RS za mladino. Prireditev podpira: Gornjesavski muzej Jesenice<\/em><\/p>\n\n\n\n<p><\/p>\n","protected":false},"excerpt":{"rendered":"<p>sobota, 31.maj 2025, ob 19:00, prizori\u0161\u010de Muzeja na prostem na Stari Savi. Tradicionalna medkulturna in medgeneracijska prireditev \u00bbKulturna mavrica Jesenic\u00ab [&hellip;]<\/p>\n","protected":false},"author":1,"featured_media":1856,"comment_status":"closed","ping_status":"open","sticky":false,"template":"","format":"standard","meta":{"_uag_custom_page_level_css":"","site-sidebar-layout":"default","site-content-layout":"","ast-site-content-layout":"default","site-content-style":"default","site-sidebar-style":"default","ast-global-header-display":"","ast-banner-title-visibility":"","ast-main-header-display":"","ast-hfb-above-header-display":"","ast-hfb-below-header-display":"","ast-hfb-mobile-header-display":"","site-post-title":"","ast-breadcrumbs-content":"","ast-featured-img":"","footer-sml-layout":"","ast-disable-related-posts":"","theme-transparent-header-meta":"","adv-header-id-meta":"","stick-header-meta":"","header-above-stick-meta":"","header-main-stick-meta":"","header-below-stick-meta":"","astra-migrate-meta-layouts":"set","ast-page-background-enabled":"default","ast-page-background-meta":{"desktop":{"background-color":"","background-image":"","background-repeat":"repeat","background-position":"center center","background-size":"auto","background-attachment":"scroll","background-type":"","background-media":"","overlay-type":"","overlay-color":"","overlay-opacity":"","overlay-gradient":""},"tablet":{"background-color":"","background-image":"","background-repeat":"repeat","background-position":"center center","background-size":"auto","background-attachment":"scroll","background-type":"","background-media":"","overlay-type":"","overlay-color":"","overlay-opacity":"","overlay-gradient":""},"mobile":{"background-color":"","background-image":"","background-repeat":"repeat","background-position":"center center","background-size":"auto","background-attachment":"scroll","background-type":"","background-media":"","overlay-type":"","overlay-color":"","overlay-opacity":"","overlay-gradient":""}},"ast-content-background-meta":{"desktop":{"background-color":"var(--ast-global-color-5)","background-image":"","background-repeat":"repeat","background-position":"center center","background-size":"auto","background-attachment":"scroll","background-type":"","background-media":"","overlay-type":"","overlay-color":"","overlay-opacity":"","overlay-gradient":""},"tablet":{"background-color":"var(--ast-global-color-5)","background-image":"","background-repeat":"repeat","background-position":"center center","background-size":"auto","background-attachment":"scroll","background-type":"","background-media":"","overlay-type":"","overlay-color":"","overlay-opacity":"","overlay-gradient":""},"mobile":{"background-color":"var(--ast-global-color-5)","background-image":"","background-repeat":"repeat","background-position":"center center","background-size":"auto","background-attachment":"scroll","background-type":"","background-media":"","overlay-type":"","overlay-color":"","overlay-opacity":"","overlay-gradient":""}},"footnotes":""},"categories":[6],"tags":[],"class_list":["post-1855","post","type-post","status-publish","format-standard","has-post-thumbnail","hentry","category-naj_dogodki"],"uagb_featured_image_src":{"full":["https:\/\/mc-jesenice.si\/wp-content\/uploads\/2025\/05\/KMJ-V7-slika-kvadratna--scaled.jpg",2560,2560,false],"thumbnail":["https:\/\/mc-jesenice.si\/wp-content\/uploads\/2025\/05\/KMJ-V7-slika-kvadratna--150x150.jpg",150,150,true],"medium":["https:\/\/mc-jesenice.si\/wp-content\/uploads\/2025\/05\/KMJ-V7-slika-kvadratna--300x300.jpg",300,300,true],"medium_large":["https:\/\/mc-jesenice.si\/wp-content\/uploads\/2025\/05\/KMJ-V7-slika-kvadratna--768x768.jpg",768,768,true],"large":["https:\/\/mc-jesenice.si\/wp-content\/uploads\/2025\/05\/KMJ-V7-slika-kvadratna--1024x1024.jpg",1024,1024,true],"1536x1536":["https:\/\/mc-jesenice.si\/wp-content\/uploads\/2025\/05\/KMJ-V7-slika-kvadratna--1536x1536.jpg",1536,1536,true],"2048x2048":["https:\/\/mc-jesenice.si\/wp-content\/uploads\/2025\/05\/KMJ-V7-slika-kvadratna--2048x2048.jpg",2048,2048,true],"ultp_layout_landscape_large":["https:\/\/mc-jesenice.si\/wp-content\/uploads\/2025\/05\/KMJ-V7-slika-kvadratna--1200x800.jpg",1200,800,true],"ultp_layout_landscape":["https:\/\/mc-jesenice.si\/wp-content\/uploads\/2025\/05\/KMJ-V7-slika-kvadratna--870x570.jpg",870,570,true],"ultp_layout_portrait":["https:\/\/mc-jesenice.si\/wp-content\/uploads\/2025\/05\/KMJ-V7-slika-kvadratna--600x900.jpg",600,900,true],"ultp_layout_square":["https:\/\/mc-jesenice.si\/wp-content\/uploads\/2025\/05\/KMJ-V7-slika-kvadratna--600x600.jpg",600,600,true]},"uagb_author_info":{"display_name":"MCJ","author_link":"https:\/\/mc-jesenice.si\/?author=1"},"uagb_comment_info":0,"uagb_excerpt":"sobota, 31.maj 2025, ob 19:00, prizori\u0161\u010de Muzeja na prostem na Stari Savi. Tradicionalna medkulturna in medgeneracijska prireditev \u00bbKulturna mavrica Jesenic\u00ab [&hellip;]","_links":{"self":[{"href":"https:\/\/mc-jesenice.si\/index.php?rest_route=\/wp\/v2\/posts\/1855","targetHints":{"allow":["GET"]}}],"collection":[{"href":"https:\/\/mc-jesenice.si\/index.php?rest_route=\/wp\/v2\/posts"}],"about":[{"href":"https:\/\/mc-jesenice.si\/index.php?rest_route=\/wp\/v2\/types\/post"}],"author":[{"embeddable":true,"href":"https:\/\/mc-jesenice.si\/index.php?rest_route=\/wp\/v2\/users\/1"}],"replies":[{"embeddable":true,"href":"https:\/\/mc-jesenice.si\/index.php?rest_route=%2Fwp%2Fv2%2Fcomments&post=1855"}],"version-history":[{"count":2,"href":"https:\/\/mc-jesenice.si\/index.php?rest_route=\/wp\/v2\/posts\/1855\/revisions"}],"predecessor-version":[{"id":2004,"href":"https:\/\/mc-jesenice.si\/index.php?rest_route=\/wp\/v2\/posts\/1855\/revisions\/2004"}],"wp:featuredmedia":[{"embeddable":true,"href":"https:\/\/mc-jesenice.si\/index.php?rest_route=\/wp\/v2\/media\/1856"}],"wp:attachment":[{"href":"https:\/\/mc-jesenice.si\/index.php?rest_route=%2Fwp%2Fv2%2Fmedia&parent=1855"}],"wp:term":[{"taxonomy":"category","embeddable":true,"href":"https:\/\/mc-jesenice.si\/index.php?rest_route=%2Fwp%2Fv2%2Fcategories&post=1855"},{"taxonomy":"post_tag","embeddable":true,"href":"https:\/\/mc-jesenice.si\/index.php?rest_route=%2Fwp%2Fv2%2Ftags&post=1855"}],"curies":[{"name":"wp","href":"https:\/\/api.w.org\/{rel}","templated":true}]}}