{"id":1848,"date":"2025-05-12T11:19:26","date_gmt":"2025-05-12T10:19:26","guid":{"rendered":"https:\/\/mc-jesenice.si\/?p=1848"},"modified":"2025-05-12T11:19:26","modified_gmt":"2025-05-12T10:19:26","slug":"dan-evrope-2025-sportno-srecanje-jeseniskih-srednjesolcev","status":"publish","type":"post","link":"https:\/\/mc-jesenice.si\/?p=1848","title":{"rendered":"Dan Evrope 2025 &#8211; \u0161portno sre\u010danje jeseni\u0161kih srednje\u0161olcev"},"content":{"rendered":"\n<p>Ob praznovanju Dneva Evrope, ki ga obele\u017eujemo 9. maja, Zavod za \u0161port Jesenice\u00a0 organizira \u0161portno sre\u010danje med dijaki Gimnazije Jesenice\u00a0 in Srednje \u0161ole Jesenice, ki se mu vedno pridru\u017ei tudi Mladinski Center Jesenice. Dijakinje in dijaki so se pomerili v razli\u010dnih \u0161portnih disciplinah: v malem nogometu (dijaki), ko\u0161arki (dijaki), odbojki (me\u0161ana ekipa dijakinj in dijakov), namiznem tenisu (dijakinje) in tokrat namesto v kegljanju v igri \u0161trbunk, saj je sre\u010danje zaradi slabega vremena poteklo v telovadnicah obeh srednjih \u0161ol. Po napetih dvobojih je prehodni pokal po sedmih letih ponovno osvojila Gimnazija Jesenice. Iskrene \u010destitke vsem udele\u017eencem za \u0161portni duh in predanost. Ve\u010d o dogodku pa na kanalih Zavoda za \u0161port Jesenice.<\/p>\n\n\n\n<p><\/p>\n","protected":false},"excerpt":{"rendered":"<p>Ob praznovanju Dneva Evrope, ki ga obele\u017eujemo 9. maja, Zavod za \u0161port Jesenice\u00a0 organizira \u0161portno sre\u010danje med dijaki Gimnazije Jesenice\u00a0 [&hellip;]<\/p>\n","protected":false},"author":1,"featured_media":1849,"comment_status":"closed","ping_status":"open","sticky":false,"template":"","format":"standard","meta":{"_uag_custom_page_level_css":"","site-sidebar-layout":"default","site-content-layout":"","ast-site-content-layout":"default","site-content-style":"default","site-sidebar-style":"default","ast-global-header-display":"","ast-banner-title-visibility":"","ast-main-header-display":"","ast-hfb-above-header-display":"","ast-hfb-below-header-display":"","ast-hfb-mobile-header-display":"","site-post-title":"","ast-breadcrumbs-content":"","ast-featured-img":"","footer-sml-layout":"","ast-disable-related-posts":"","theme-transparent-header-meta":"","adv-header-id-meta":"","stick-header-meta":"","header-above-stick-meta":"","header-main-stick-meta":"","header-below-stick-meta":"","astra-migrate-meta-layouts":"set","ast-page-background-enabled":"default","ast-page-background-meta":{"desktop":{"background-color":"","background-image":"","background-repeat":"repeat","background-position":"center center","background-size":"auto","background-attachment":"scroll","background-type":"","background-media":"","overlay-type":"","overlay-color":"","overlay-opacity":"","overlay-gradient":""},"tablet":{"background-color":"","background-image":"","background-repeat":"repeat","background-position":"center center","background-size":"auto","background-attachment":"scroll","background-type":"","background-media":"","overlay-type":"","overlay-color":"","overlay-opacity":"","overlay-gradient":""},"mobile":{"background-color":"","background-image":"","background-repeat":"repeat","background-position":"center center","background-size":"auto","background-attachment":"scroll","background-type":"","background-media":"","overlay-type":"","overlay-color":"","overlay-opacity":"","overlay-gradient":""}},"ast-content-background-meta":{"desktop":{"background-color":"var(--ast-global-color-5)","background-image":"","background-repeat":"repeat","background-position":"center center","background-size":"auto","background-attachment":"scroll","background-type":"","background-media":"","overlay-type":"","overlay-color":"","overlay-opacity":"","overlay-gradient":""},"tablet":{"background-color":"var(--ast-global-color-5)","background-image":"","background-repeat":"repeat","background-position":"center center","background-size":"auto","background-attachment":"scroll","background-type":"","background-media":"","overlay-type":"","overlay-color":"","overlay-opacity":"","overlay-gradient":""},"mobile":{"background-color":"var(--ast-global-color-5)","background-image":"","background-repeat":"repeat","background-position":"center center","background-size":"auto","background-attachment":"scroll","background-type":"","background-media":"","overlay-type":"","overlay-color":"","overlay-opacity":"","overlay-gradient":""}},"footnotes":""},"categories":[6],"tags":[],"class_list":["post-1848","post","type-post","status-publish","format-standard","has-post-thumbnail","hentry","category-naj_dogodki"],"uagb_featured_image_src":{"full":["https:\/\/mc-jesenice.si\/wp-content\/uploads\/2025\/05\/dan-evrope-2025.png",2000,1600,false],"thumbnail":["https:\/\/mc-jesenice.si\/wp-content\/uploads\/2025\/05\/dan-evrope-2025-150x150.png",150,150,true],"medium":["https:\/\/mc-jesenice.si\/wp-content\/uploads\/2025\/05\/dan-evrope-2025-300x240.png",300,240,true],"medium_large":["https:\/\/mc-jesenice.si\/wp-content\/uploads\/2025\/05\/dan-evrope-2025-768x614.png",768,614,true],"large":["https:\/\/mc-jesenice.si\/wp-content\/uploads\/2025\/05\/dan-evrope-2025-1024x819.png",1024,819,true],"1536x1536":["https:\/\/mc-jesenice.si\/wp-content\/uploads\/2025\/05\/dan-evrope-2025-1536x1229.png",1536,1229,true],"2048x2048":["https:\/\/mc-jesenice.si\/wp-content\/uploads\/2025\/05\/dan-evrope-2025.png",2000,1600,false],"ultp_layout_landscape_large":["https:\/\/mc-jesenice.si\/wp-content\/uploads\/2025\/05\/dan-evrope-2025-1200x800.png",1200,800,true],"ultp_layout_landscape":["https:\/\/mc-jesenice.si\/wp-content\/uploads\/2025\/05\/dan-evrope-2025-870x570.png",870,570,true],"ultp_layout_portrait":["https:\/\/mc-jesenice.si\/wp-content\/uploads\/2025\/05\/dan-evrope-2025-600x900.png",600,900,true],"ultp_layout_square":["https:\/\/mc-jesenice.si\/wp-content\/uploads\/2025\/05\/dan-evrope-2025-600x600.png",600,600,true]},"uagb_author_info":{"display_name":"MCJ","author_link":"https:\/\/mc-jesenice.si\/?author=1"},"uagb_comment_info":0,"uagb_excerpt":"Ob praznovanju Dneva Evrope, ki ga obele\u017eujemo 9. maja, Zavod za \u0161port Jesenice\u00a0 organizira \u0161portno sre\u010danje med dijaki Gimnazije Jesenice\u00a0 [&hellip;]","_links":{"self":[{"href":"https:\/\/mc-jesenice.si\/index.php?rest_route=\/wp\/v2\/posts\/1848","targetHints":{"allow":["GET"]}}],"collection":[{"href":"https:\/\/mc-jesenice.si\/index.php?rest_route=\/wp\/v2\/posts"}],"about":[{"href":"https:\/\/mc-jesenice.si\/index.php?rest_route=\/wp\/v2\/types\/post"}],"author":[{"embeddable":true,"href":"https:\/\/mc-jesenice.si\/index.php?rest_route=\/wp\/v2\/users\/1"}],"replies":[{"embeddable":true,"href":"https:\/\/mc-jesenice.si\/index.php?rest_route=%2Fwp%2Fv2%2Fcomments&post=1848"}],"version-history":[{"count":1,"href":"https:\/\/mc-jesenice.si\/index.php?rest_route=\/wp\/v2\/posts\/1848\/revisions"}],"predecessor-version":[{"id":1850,"href":"https:\/\/mc-jesenice.si\/index.php?rest_route=\/wp\/v2\/posts\/1848\/revisions\/1850"}],"wp:featuredmedia":[{"embeddable":true,"href":"https:\/\/mc-jesenice.si\/index.php?rest_route=\/wp\/v2\/media\/1849"}],"wp:attachment":[{"href":"https:\/\/mc-jesenice.si\/index.php?rest_route=%2Fwp%2Fv2%2Fmedia&parent=1848"}],"wp:term":[{"taxonomy":"category","embeddable":true,"href":"https:\/\/mc-jesenice.si\/index.php?rest_route=%2Fwp%2Fv2%2Fcategories&post=1848"},{"taxonomy":"post_tag","embeddable":true,"href":"https:\/\/mc-jesenice.si\/index.php?rest_route=%2Fwp%2Fv2%2Ftags&post=1848"}],"curies":[{"name":"wp","href":"https:\/\/api.w.org\/{rel}","templated":true}]}}